{"id":43,"date":"2017-12-03T08:38:40","date_gmt":"2017-12-03T07:38:40","guid":{"rendered":"http:\/\/StefanoBalzarin.de\/?p=43"},"modified":"2017-12-03T08:38:40","modified_gmt":"2017-12-03T07:38:40","slug":"halbstark","status":"publish","type":"post","link":"http:\/\/StefanoBalzarin.de\/?p=43","title":{"rendered":"Halbstark"},"content":{"rendered":"<p>Als Halbstarker bin ich ein Teil meiner Jugend auch bei Stefano im Pinochio aufgewachsen. Da bekam Man(n) sein erstes Bier und es wurde auch immer geschaut das einem nichts passiert. \u00dcber diese Zeit gibt es keine Bilder oder sonstiges, was f\u00fcr mich auch nicht schlimm ist da alles noch im Kopf ist. \u00a0Als wir uns dann nach \u00fcber 10 Jahren zuf\u00e4llig \u00fcber den Weg liefen, war die Freude gro\u00df, wir erz\u00e4hlten lange was jeder jetzt macht und er sprach sofort \u00fcber sein ganzen Stolz \u201eseine Tochter\u201c somit hatten wir wieder ein Thema. Obwohl \u00a0Stefano ein St\u00fcck \u00e4lter war unterhielt er sich immer mit mir auf Augenh\u00f6he und so quatschten wir lange \u00fcber Kinder, Autos und Alte Dinge und das Lachen habe ich immer noch im Ohr.<\/p>\n","protected":false},"excerpt":{"rendered":"<p>Als Halbstarker bin ich ein Teil meiner Jugend auch bei Stefano im Pinochio aufgewachsen. Da bekam Man(n) sein erstes Bier und es wurde auch immer geschaut das einem nichts passiert. \u00dcber diese Zeit gibt es keine Bilder oder sonstiges, was f\u00fcr mich auch nicht schlimm ist da alles noch im Kopf ist. \u00a0Als wir uns &hellip; <\/p>\n<p class=\"link-more\"><a href=\"http:\/\/StefanoBalzarin.de\/?p=43\" class=\"more-link\"><span class=\"screen-reader-text\">\u201eHalbstark\u201c<\/span> weiterlesen<\/a><\/p>\n","protected":false},"author":5,"featured_media":0,"comment_status":"open","ping_status":"open","sticky":false,"template":"","format":"standard","meta":[],"categories":[1],"tags":[],"_links":{"self":[{"href":"http:\/\/StefanoBalzarin.de\/index.php?rest_route=\/wp\/v2\/posts\/43"}],"collection":[{"href":"http:\/\/StefanoBalzarin.de\/index.php?rest_route=\/wp\/v2\/posts"}],"about":[{"href":"http:\/\/StefanoBalzarin.de\/index.php?rest_route=\/wp\/v2\/types\/post"}],"author":[{"embeddable":true,"href":"http:\/\/StefanoBalzarin.de\/index.php?rest_route=\/wp\/v2\/users\/5"}],"replies":[{"embeddable":true,"href":"http:\/\/StefanoBalzarin.de\/index.php?rest_route=%2Fwp%2Fv2%2Fcomments&post=43"}],"version-history":[{"count":1,"href":"http:\/\/StefanoBalzarin.de\/index.php?rest_route=\/wp\/v2\/posts\/43\/revisions"}],"predecessor-version":[{"id":44,"href":"http:\/\/StefanoBalzarin.de\/index.php?rest_route=\/wp\/v2\/posts\/43\/revisions\/44"}],"wp:attachment":[{"href":"http:\/\/StefanoBalzarin.de\/index.php?rest_route=%2Fwp%2Fv2%2Fmedia&parent=43"}],"wp:term":[{"taxonomy":"category","embeddable":true,"href":"http:\/\/StefanoBalzarin.de\/index.php?rest_route=%2Fwp%2Fv2%2Fcategories&post=43"},{"taxonomy":"post_tag","embeddable":true,"href":"http:\/\/StefanoBalzarin.de\/index.php?rest_route=%2Fwp%2Fv2%2Ftags&post=43"}],"curies":[{"name":"wp","href":"https:\/\/api.w.org\/{rel}","templated":true}]}}